{"id":13242,"date":"2024-04-18T13:12:55","date_gmt":"2024-04-18T12:12:55","guid":{"rendered":"https:\/\/estorio.com\/?p=13242"},"modified":"2024-04-18T13:13:16","modified_gmt":"2024-04-18T12:13:16","slug":"milan-city-guide-71-things-to-do-during-salone-by-eszter-radnoczy","status":"publish","type":"post","link":"https:\/\/estorio.com\/hu\/2024\/04\/18\/milan-city-guide-71-things-to-do-during-salone-by-eszter-radnoczy\/","title":{"rendered":"MILAN CITY GUIDE 8 tipp Radn\u00f3czy Esztert\u0151l"},"content":{"rendered":"<p><strong>01 <\/strong>A Salone alatt Mil\u00e1n\u00f3 igazi ny\u00fczsg\u0151 v\u00e1ros, mi\u00e9rt ne l\u00e1togatn\u00e1nk el egy rejtett, csendes helyett a D\u00f3m k\u00f6zel\u00e9ben? A Santa Maria presso San Satiro templom a IX. sz\u00e1zadban \u00e9p\u00fclt, \u00e9p\u00edt\u00e9szeti k\u00fcl\u00f6nlegess\u00e9ge pedig egy igazi remekm\u0171, a 97cm m\u00e9ly, \"h\u00e1rom dimenz\u00f3s\" olt\u00e1r, amely optikai csal\u00f3d\u00e1st kelt.<\/p>\n\n\n\n<figure class=\"wp-block-image size-large is-resized\"><img fetchpriority=\"high\" decoding=\"async\" width=\"1024\" height=\"1024\" src=\"https:\/\/estorio.com\/wp-content\/uploads\/2024\/04\/milano4-1024x1024.jpg\" alt=\"\" class=\"wp-image-13243\" style=\"width:648px;height:auto\" srcset=\"https:\/\/estorio.com\/wp-content\/uploads\/2024\/04\/milano4-1024x1024.jpg 1024w, https:\/\/estorio.com\/wp-content\/uploads\/2024\/04\/milano4-300x300.jpg 300w, https:\/\/estorio.com\/wp-content\/uploads\/2024\/04\/milano4-150x150.jpg 150w, https:\/\/estorio.com\/wp-content\/uploads\/2024\/04\/milano4-768x768.jpg 768w, https:\/\/estorio.com\/wp-content\/uploads\/2024\/04\/milano4-12x12.jpg 12w, https:\/\/estorio.com\/wp-content\/uploads\/2024\/04\/milano4-600x600.jpg 600w, https:\/\/estorio.com\/wp-content\/uploads\/2024\/04\/milano4-100x100.jpg 100w, https:\/\/estorio.com\/wp-content\/uploads\/2024\/04\/milano4.jpg 1500w\" sizes=\"(max-width: 1024px) 100vw, 1024px\" \/><\/figure>\n\n\n\n<p><strong>02<\/strong> Mil\u00e1n\u00f3 legvibr\u00e1l\u00f3bb r\u00e9sze hat\u00e1rozottan az Isola-negyed, egy cool k\u00f6rny\u00e9k, sok l\u00e1tnival\u00f3val. Ha szombaton, a piac idej\u00e9n \u00e9rkez\u00fcnk, megk\u00f3stolhatjuk, megszagolhatjuk \u00e9s meg\u00e9rinthetj\u00fck a piac igazi olasz finoms\u00e1gait.<\/p>\n\n\n\n<figure class=\"wp-block-image size-large is-resized\"><img decoding=\"async\" width=\"1024\" height=\"1024\" src=\"https:\/\/estorio.com\/wp-content\/uploads\/2024\/04\/milano8-1-1024x1024.jpg\" alt=\"\" class=\"wp-image-13244\" style=\"width:654px;height:auto\" srcset=\"https:\/\/estorio.com\/wp-content\/uploads\/2024\/04\/milano8-1-1024x1024.jpg 1024w, https:\/\/estorio.com\/wp-content\/uploads\/2024\/04\/milano8-1-300x300.jpg 300w, https:\/\/estorio.com\/wp-content\/uploads\/2024\/04\/milano8-1-150x150.jpg 150w, https:\/\/estorio.com\/wp-content\/uploads\/2024\/04\/milano8-1-768x768.jpg 768w, https:\/\/estorio.com\/wp-content\/uploads\/2024\/04\/milano8-1-12x12.jpg 12w, https:\/\/estorio.com\/wp-content\/uploads\/2024\/04\/milano8-1-600x600.jpg 600w, https:\/\/estorio.com\/wp-content\/uploads\/2024\/04\/milano8-1-100x100.jpg 100w, https:\/\/estorio.com\/wp-content\/uploads\/2024\/04\/milano8-1.jpg 1500w\" sizes=\"(max-width: 1024px) 100vw, 1024px\" \/><\/figure>\n\n\n\n<p><strong>03 <\/strong>Aki v\u00e9gigs\u00e9t\u00e1l a Cinque Vie macskak\u00f6vein, m\u0171v\u00e9szetet \u00e9s inspir\u00e1ci\u00f3t tal\u00e1l minden sarkon. A Piazza Bollomero t\u00f6k\u00e9letes hely egy aperitiv\u00f3hoz, de a B Restaurant rizott\u00f3ja, pizz\u00e1ja vagy t\u00e9szt\u00e1ja sem okoz csal\u00f3d\u00e1st.<\/p>\n\n\n\n<figure class=\"wp-block-image size-large is-resized\"><img decoding=\"async\" width=\"1024\" height=\"1024\" src=\"https:\/\/estorio.com\/wp-content\/uploads\/2024\/04\/milano5-1-1024x1024.jpg\" alt=\"\" class=\"wp-image-13245\" style=\"width:661px;height:auto\" srcset=\"https:\/\/estorio.com\/wp-content\/uploads\/2024\/04\/milano5-1-1024x1024.jpg 1024w, https:\/\/estorio.com\/wp-content\/uploads\/2024\/04\/milano5-1-300x300.jpg 300w, https:\/\/estorio.com\/wp-content\/uploads\/2024\/04\/milano5-1-150x150.jpg 150w, https:\/\/estorio.com\/wp-content\/uploads\/2024\/04\/milano5-1-768x768.jpg 768w, https:\/\/estorio.com\/wp-content\/uploads\/2024\/04\/milano5-1-12x12.jpg 12w, https:\/\/estorio.com\/wp-content\/uploads\/2024\/04\/milano5-1-600x600.jpg 600w, https:\/\/estorio.com\/wp-content\/uploads\/2024\/04\/milano5-1-100x100.jpg 100w, https:\/\/estorio.com\/wp-content\/uploads\/2024\/04\/milano5-1.jpg 1500w\" sizes=\"(max-width: 1024px) 100vw, 1024px\" \/><\/figure>\n\n\n\n<p><strong>04 <\/strong>Egy igazi barokk sz\u00e9ps\u00e9g: a Palazzo Litta egy pezsg\u0151 hely a design h\u00e9t alatt, amely kultur\u00e1lis programokat, ki\u00e1ll\u00edt\u00e1sokat \u00e9s kultur\u00e1lis esem\u00e9nyeket k\u00edn\u00e1l a design h\u00e9t alatt.<\/p>\n\n\n\n<figure class=\"wp-block-image size-large is-resized\"><img loading=\"lazy\" decoding=\"async\" width=\"1024\" height=\"1024\" src=\"https:\/\/estorio.com\/wp-content\/uploads\/2024\/04\/milano-1-1024x1024.jpg\" alt=\"\" class=\"wp-image-13246\" style=\"width:669px;height:auto\" srcset=\"https:\/\/estorio.com\/wp-content\/uploads\/2024\/04\/milano-1-1024x1024.jpg 1024w, https:\/\/estorio.com\/wp-content\/uploads\/2024\/04\/milano-1-300x300.jpg 300w, https:\/\/estorio.com\/wp-content\/uploads\/2024\/04\/milano-1-150x150.jpg 150w, https:\/\/estorio.com\/wp-content\/uploads\/2024\/04\/milano-1-768x768.jpg 768w, https:\/\/estorio.com\/wp-content\/uploads\/2024\/04\/milano-1-12x12.jpg 12w, https:\/\/estorio.com\/wp-content\/uploads\/2024\/04\/milano-1-600x600.jpg 600w, https:\/\/estorio.com\/wp-content\/uploads\/2024\/04\/milano-1-100x100.jpg 100w, https:\/\/estorio.com\/wp-content\/uploads\/2024\/04\/milano-1.jpg 1500w\" sizes=\"(max-width: 1024px) 100vw, 1024px\" \/><\/figure>\n\n\n\n<p><strong>05<\/strong> A Salone alatt nem neh\u00e9z tel\u00edt\u0151dni az olasz design \u00fajdons\u00e1gaival, ha pihenn\u00e9nk, csak medit\u00e1ljunk egy kicsit a Fondazione Stelline b\u00e9k\u00e9s kertj\u00e9ben.<\/p>\n\n\n\n<figure class=\"wp-block-image size-large is-resized\"><img loading=\"lazy\" decoding=\"async\" width=\"1024\" height=\"1024\" src=\"https:\/\/estorio.com\/wp-content\/uploads\/2024\/04\/milano7-1-1024x1024.jpg\" alt=\"\" class=\"wp-image-13247\" style=\"width:677px;height:auto\" srcset=\"https:\/\/estorio.com\/wp-content\/uploads\/2024\/04\/milano7-1-1024x1024.jpg 1024w, https:\/\/estorio.com\/wp-content\/uploads\/2024\/04\/milano7-1-300x300.jpg 300w, https:\/\/estorio.com\/wp-content\/uploads\/2024\/04\/milano7-1-150x150.jpg 150w, https:\/\/estorio.com\/wp-content\/uploads\/2024\/04\/milano7-1-768x768.jpg 768w, https:\/\/estorio.com\/wp-content\/uploads\/2024\/04\/milano7-1-12x12.jpg 12w, https:\/\/estorio.com\/wp-content\/uploads\/2024\/04\/milano7-1-600x600.jpg 600w, https:\/\/estorio.com\/wp-content\/uploads\/2024\/04\/milano7-1-100x100.jpg 100w, https:\/\/estorio.com\/wp-content\/uploads\/2024\/04\/milano7-1.jpg 1500w\" sizes=\"(max-width: 1024px) 100vw, 1024px\" \/><\/figure>\n\n\n\n<p><strong>06<\/strong> A Spirit the Milan t\u00f6k\u00e9letes hely ha egy kicsit elveszn\u00e9nk az olasz \u00e9jszak\u00e1ban \u00e9s att\u00f3l f\u00fcgg\u0151en, hogy melyik napon l\u00e1togatunk el ide, tang\u00f3 este, a jazz &amp;blues fesztiv\u00e1l vagy igazi olasz buli fogad majd minket. A bor kiz\u00e1r\u00f3lag lombardiai, olasz falatokkal t\u00e1lalva, de az is biztos, hogy nincs mil\u00e1n\u00f3i designh\u00e9t egy-k\u00e9t olasz kokt\u00e9l n\u00e9lk\u00fcl.<\/p>\n\n\n\n<figure class=\"wp-block-image size-large is-resized\"><img loading=\"lazy\" decoding=\"async\" width=\"1024\" height=\"1024\" src=\"https:\/\/estorio.com\/wp-content\/uploads\/2024\/04\/milano3-1024x1024.jpg\" alt=\"\" class=\"wp-image-13248\" style=\"width:686px;height:auto\" srcset=\"https:\/\/estorio.com\/wp-content\/uploads\/2024\/04\/milano3-1024x1024.jpg 1024w, https:\/\/estorio.com\/wp-content\/uploads\/2024\/04\/milano3-300x300.jpg 300w, https:\/\/estorio.com\/wp-content\/uploads\/2024\/04\/milano3-150x150.jpg 150w, https:\/\/estorio.com\/wp-content\/uploads\/2024\/04\/milano3-768x768.jpg 768w, https:\/\/estorio.com\/wp-content\/uploads\/2024\/04\/milano3-12x12.jpg 12w, https:\/\/estorio.com\/wp-content\/uploads\/2024\/04\/milano3-600x600.jpg 600w, https:\/\/estorio.com\/wp-content\/uploads\/2024\/04\/milano3-100x100.jpg 100w, https:\/\/estorio.com\/wp-content\/uploads\/2024\/04\/milano3.jpg 1500w\" sizes=\"(max-width: 1024px) 100vw, 1024px\" \/><\/figure>\n\n\n\n<p><strong>07<\/strong> Vess\u00fck bele magunkat a Via Sarpi \u00e9s a mil\u00e1n\u00f3i k\u00ednai negyed ny\u00fczsg\u00e9s\u00e9be! Itt tal\u00e1lhat\u00f3 az ADI Design M\u00fazeum, amelyet az\u00e9rt hoztak l\u00e9tre, hogy bemutassa a Compasso d'Oro d\u00edj t\u00f6rt\u00e9nelmi gy\u0171jtem\u00e9ny\u00e9ben tal\u00e1lhat\u00f3 projekteket \u00e9s n\u00e9pszer\u0171s\u00edtse a Made in Italy designd\u00edjas term\u00e9keket. Igazi k\u00f6telez\u0151 mil\u00e1n\u00f3i m\u00fazeum!<\/p>\n\n\n\n<figure class=\"wp-block-image size-large is-resized\"><img loading=\"lazy\" decoding=\"async\" width=\"1024\" height=\"1024\" src=\"https:\/\/estorio.com\/wp-content\/uploads\/2024\/04\/milano6-1024x1024.jpg\" alt=\"\" class=\"wp-image-13249\" style=\"width:701px;height:auto\" srcset=\"https:\/\/estorio.com\/wp-content\/uploads\/2024\/04\/milano6-1024x1024.jpg 1024w, https:\/\/estorio.com\/wp-content\/uploads\/2024\/04\/milano6-300x300.jpg 300w, https:\/\/estorio.com\/wp-content\/uploads\/2024\/04\/milano6-150x150.jpg 150w, https:\/\/estorio.com\/wp-content\/uploads\/2024\/04\/milano6-768x768.jpg 768w, https:\/\/estorio.com\/wp-content\/uploads\/2024\/04\/milano6-12x12.jpg 12w, https:\/\/estorio.com\/wp-content\/uploads\/2024\/04\/milano6-600x600.jpg 600w, https:\/\/estorio.com\/wp-content\/uploads\/2024\/04\/milano6-100x100.jpg 100w, https:\/\/estorio.com\/wp-content\/uploads\/2024\/04\/milano6.jpg 1500w\" sizes=\"(max-width: 1024px) 100vw, 1024px\" \/><\/figure>\n\n\n\n<p><strong>08<\/strong> V\u00e9g\u00fcl l\u00e1togassunk el a Piazza del Quadrilatero-ra, egy igazi, olasz, oszlopokkal k\u00f6rbe\u00f6lelt t\u00e9rre, amely eredetileg egy 15. sz\u00e1zadi kolostor volt. Itt tal\u00e1lhat\u00f3 a Portrait Milano sz\u00e1lloda, nyugodt hangulattal, l\u00e1gy zen\u00e9vel \u00e9s m\u0171v\u00e9szeti k\u00f6nyvekkel. Egyszerre desszert \u00e9s egy klassz ital d\u00e9lut\u00e1nra: az olasz forr\u00f3 csokol\u00e1d\u00e9t itt nagy kedvencem!<\/p>\n\n\n\n<figure class=\"wp-block-image size-large is-resized\"><img loading=\"lazy\" decoding=\"async\" width=\"1024\" height=\"1024\" src=\"https:\/\/estorio.com\/wp-content\/uploads\/2024\/04\/milano2-1024x1024.jpg\" alt=\"\" class=\"wp-image-13250\" style=\"width:705px;height:auto\" srcset=\"https:\/\/estorio.com\/wp-content\/uploads\/2024\/04\/milano2-1024x1024.jpg 1024w, https:\/\/estorio.com\/wp-content\/uploads\/2024\/04\/milano2-300x300.jpg 300w, https:\/\/estorio.com\/wp-content\/uploads\/2024\/04\/milano2-150x150.jpg 150w, https:\/\/estorio.com\/wp-content\/uploads\/2024\/04\/milano2-768x768.jpg 768w, https:\/\/estorio.com\/wp-content\/uploads\/2024\/04\/milano2-12x12.jpg 12w, https:\/\/estorio.com\/wp-content\/uploads\/2024\/04\/milano2-600x600.jpg 600w, https:\/\/estorio.com\/wp-content\/uploads\/2024\/04\/milano2-100x100.jpg 100w, https:\/\/estorio.com\/wp-content\/uploads\/2024\/04\/milano2.jpg 1500w\" sizes=\"(max-width: 1024px) 100vw, 1024px\" \/><\/figure>","protected":false},"excerpt":{"rendered":"<p>01 Milan is buzzing during the Salone del Mobile, so why not visit a hidden gem close to the Duomo, the Church of Santa Maria presso San Satiro? Built in the 9th century, the church is an architectural highlight to visit where a spectacular 97 cm deep altar creates an optical illusion, a masterpiece of [&hellip;]<\/p>\n","protected":false},"author":1,"featured_media":13251,"comment_status":"open","ping_status":"open","sticky":false,"template":"","format":"standard","meta":{"footnotes":""},"categories":[1],"tags":[],"class_list":["post-13242","post","type-post","status-publish","format-standard","has-post-thumbnail","hentry","category-egyeb"],"yoast_head":"<!-- This site is optimized with the Yoast SEO plugin v27.4 - https:\/\/yoast.com\/product\/yoast-seo-wordpress\/ -->\n<title>MILAN CITY GUIDE 7+1 things to do during Salone, by Eszter Radn\u00f3czy<\/title>\n<meta name=\"description\" content=\"01 Milan is buzzing during the Salone del Mobile, so why not visit a hidden gem close to the Duomo, the Church of Santa Maria presso San Satiro? Built in\" \/>\n<meta name=\"robots\" content=\"index, follow, max-snippet:-1, max-image-preview:large, max-video-preview:-1\" \/>\n<link rel=\"canonical\" href=\"https:\/\/estorio.com\/hu\/2024\/04\/18\/milan-city-guide-71-things-to-do-during-salone-by-eszter-radnoczy\/\" \/>\n<meta property=\"og:locale\" content=\"hu_HU\" \/>\n<meta property=\"og:type\" content=\"article\" \/>\n<meta property=\"og:title\" content=\"MILAN CITY GUIDE 7+1 things to do during Salone, by Eszter Radn\u00f3czy\" \/>\n<meta property=\"og:description\" content=\"01 Milan is buzzing during the Salone del Mobile, so why not visit a hidden gem close to the Duomo, the Church of Santa Maria presso San Satiro? Built in\" \/>\n<meta property=\"og:url\" content=\"https:\/\/estorio.com\/hu\/2024\/04\/18\/milan-city-guide-71-things-to-do-during-salone-by-eszter-radnoczy\/\" \/>\n<meta property=\"og:site_name\" content=\"Estorio\" \/>\n<meta property=\"article:publisher\" content=\"https:\/\/www.facebook.com\/estorio.home\" \/>\n<meta property=\"article:published_time\" content=\"2024-04-18T12:12:55+00:00\" \/>\n<meta property=\"article:modified_time\" content=\"2024-04-18T12:13:16+00:00\" \/>\n<meta property=\"og:image\" content=\"https:\/\/estorio.com\/wp-content\/uploads\/2024\/04\/milano4-1024x1024.jpg\" \/>\n<meta name=\"author\" content=\"estorioadmin\" \/>\n<meta name=\"twitter:card\" content=\"summary_large_image\" \/>\n<meta name=\"twitter:label1\" content=\"Szerz\u0151:\" \/>\n\t<meta name=\"twitter:data1\" content=\"estorioadmin\" \/>\n\t<meta name=\"twitter:label2\" content=\"Becs\u00fclt olvas\u00e1si id\u0151\" \/>\n\t<meta name=\"twitter:data2\" content=\"2 perc\" \/>\n<script type=\"application\/ld+json\" class=\"yoast-schema-graph\">{\"@context\":\"https:\\\/\\\/schema.org\",\"@graph\":[{\"@type\":\"Article\",\"@id\":\"https:\\\/\\\/estorio.com\\\/2024\\\/04\\\/18\\\/milan-city-guide-71-things-to-do-during-salone-by-eszter-radnoczy\\\/#article\",\"isPartOf\":{\"@id\":\"https:\\\/\\\/estorio.com\\\/2024\\\/04\\\/18\\\/milan-city-guide-71-things-to-do-during-salone-by-eszter-radnoczy\\\/\"},\"author\":{\"name\":\"estorioadmin\",\"@id\":\"https:\\\/\\\/estorio.com\\\/#\\\/schema\\\/person\\\/e7c46c910f8aa4a8e02910aff72afed0\"},\"headline\":\"MILAN CITY GUIDE 7+1 things to do during Salone, by Eszter Radn\u00f3czy\",\"datePublished\":\"2024-04-18T12:12:55+00:00\",\"dateModified\":\"2024-04-18T12:13:16+00:00\",\"mainEntityOfPage\":{\"@id\":\"https:\\\/\\\/estorio.com\\\/2024\\\/04\\\/18\\\/milan-city-guide-71-things-to-do-during-salone-by-eszter-radnoczy\\\/\"},\"wordCount\":377,\"commentCount\":0,\"publisher\":{\"@id\":\"https:\\\/\\\/estorio.com\\\/#organization\"},\"image\":{\"@id\":\"https:\\\/\\\/estorio.com\\\/2024\\\/04\\\/18\\\/milan-city-guide-71-things-to-do-during-salone-by-eszter-radnoczy\\\/#primaryimage\"},\"thumbnailUrl\":\"https:\\\/\\\/estorio.com\\\/wp-content\\\/uploads\\\/2024\\\/04\\\/borito-1.jpg\",\"articleSection\":[\"Egy\u00e9b kateg\u00f3ria\"],\"inLanguage\":\"hu\",\"potentialAction\":[{\"@type\":\"CommentAction\",\"name\":\"Comment\",\"target\":[\"https:\\\/\\\/estorio.com\\\/2024\\\/04\\\/18\\\/milan-city-guide-71-things-to-do-during-salone-by-eszter-radnoczy\\\/#respond\"]}]},{\"@type\":\"WebPage\",\"@id\":\"https:\\\/\\\/estorio.com\\\/2024\\\/04\\\/18\\\/milan-city-guide-71-things-to-do-during-salone-by-eszter-radnoczy\\\/\",\"url\":\"https:\\\/\\\/estorio.com\\\/2024\\\/04\\\/18\\\/milan-city-guide-71-things-to-do-during-salone-by-eszter-radnoczy\\\/\",\"name\":\"MILAN CITY GUIDE 7+1 things to do during Salone, by Eszter Radn\u00f3czy\",\"isPartOf\":{\"@id\":\"https:\\\/\\\/estorio.com\\\/#website\"},\"primaryImageOfPage\":{\"@id\":\"https:\\\/\\\/estorio.com\\\/2024\\\/04\\\/18\\\/milan-city-guide-71-things-to-do-during-salone-by-eszter-radnoczy\\\/#primaryimage\"},\"image\":{\"@id\":\"https:\\\/\\\/estorio.com\\\/2024\\\/04\\\/18\\\/milan-city-guide-71-things-to-do-during-salone-by-eszter-radnoczy\\\/#primaryimage\"},\"thumbnailUrl\":\"https:\\\/\\\/estorio.com\\\/wp-content\\\/uploads\\\/2024\\\/04\\\/borito-1.jpg\",\"datePublished\":\"2024-04-18T12:12:55+00:00\",\"dateModified\":\"2024-04-18T12:13:16+00:00\",\"description\":\"01 Milan is buzzing during the Salone del Mobile, so why not visit a hidden gem close to the Duomo, the Church of Santa Maria presso San Satiro? Built in\",\"breadcrumb\":{\"@id\":\"https:\\\/\\\/estorio.com\\\/2024\\\/04\\\/18\\\/milan-city-guide-71-things-to-do-during-salone-by-eszter-radnoczy\\\/#breadcrumb\"},\"inLanguage\":\"hu\",\"potentialAction\":[{\"@type\":\"ReadAction\",\"target\":[\"https:\\\/\\\/estorio.com\\\/2024\\\/04\\\/18\\\/milan-city-guide-71-things-to-do-during-salone-by-eszter-radnoczy\\\/\"]}]},{\"@type\":\"ImageObject\",\"inLanguage\":\"hu\",\"@id\":\"https:\\\/\\\/estorio.com\\\/2024\\\/04\\\/18\\\/milan-city-guide-71-things-to-do-during-salone-by-eszter-radnoczy\\\/#primaryimage\",\"url\":\"https:\\\/\\\/estorio.com\\\/wp-content\\\/uploads\\\/2024\\\/04\\\/borito-1.jpg\",\"contentUrl\":\"https:\\\/\\\/estorio.com\\\/wp-content\\\/uploads\\\/2024\\\/04\\\/borito-1.jpg\",\"width\":1890,\"height\":1890},{\"@type\":\"BreadcrumbList\",\"@id\":\"https:\\\/\\\/estorio.com\\\/2024\\\/04\\\/18\\\/milan-city-guide-71-things-to-do-during-salone-by-eszter-radnoczy\\\/#breadcrumb\",\"itemListElement\":[{\"@type\":\"ListItem\",\"position\":1,\"name\":\"Kezd\u0151lap\",\"item\":\"https:\\\/\\\/estorio.com\\\/\"},{\"@type\":\"ListItem\",\"position\":2,\"name\":\"MILAN CITY GUIDE 7+1 things to do during Salone, by Eszter Radn\u00f3czy\"}]},{\"@type\":\"WebSite\",\"@id\":\"https:\\\/\\\/estorio.com\\\/#website\",\"url\":\"https:\\\/\\\/estorio.com\\\/\",\"name\":\"Estorio\",\"description\":\"Home of designer brands\",\"publisher\":{\"@id\":\"https:\\\/\\\/estorio.com\\\/#organization\"},\"potentialAction\":[{\"@type\":\"SearchAction\",\"target\":{\"@type\":\"EntryPoint\",\"urlTemplate\":\"https:\\\/\\\/estorio.com\\\/?s={search_term_string}\"},\"query-input\":{\"@type\":\"PropertyValueSpecification\",\"valueRequired\":true,\"valueName\":\"search_term_string\"}}],\"inLanguage\":\"hu\"},{\"@type\":\"Organization\",\"@id\":\"https:\\\/\\\/estorio.com\\\/#organization\",\"name\":\"estorio\",\"url\":\"https:\\\/\\\/estorio.com\\\/\",\"logo\":{\"@type\":\"ImageObject\",\"inLanguage\":\"hu\",\"@id\":\"https:\\\/\\\/estorio.com\\\/#\\\/schema\\\/logo\\\/image\\\/\",\"url\":\"https:\\\/\\\/estorio.com\\\/wp-content\\\/uploads\\\/2022\\\/01\\\/20220216_estoriologo_1-02.png\",\"contentUrl\":\"https:\\\/\\\/estorio.com\\\/wp-content\\\/uploads\\\/2022\\\/01\\\/20220216_estoriologo_1-02.png\",\"width\":10915,\"height\":2860,\"caption\":\"estorio\"},\"image\":{\"@id\":\"https:\\\/\\\/estorio.com\\\/#\\\/schema\\\/logo\\\/image\\\/\"},\"sameAs\":[\"https:\\\/\\\/www.facebook.com\\\/estorio.home\",\"https:\\\/\\\/www.instagram.com\\\/estorio.home\\\/\",\"https:\\\/\\\/www.linkedin.com\\\/company\\\/estorio-home-of-designer-brands\\\/\"]},{\"@type\":\"Person\",\"@id\":\"https:\\\/\\\/estorio.com\\\/#\\\/schema\\\/person\\\/e7c46c910f8aa4a8e02910aff72afed0\",\"name\":\"estorioadmin\",\"image\":{\"@type\":\"ImageObject\",\"inLanguage\":\"hu\",\"@id\":\"https:\\\/\\\/secure.gravatar.com\\\/avatar\\\/c535c9d1254b6e294aa866449103660499284e928d5b9311cfa4bf52322aa583?s=96&d=mm&r=g\",\"url\":\"https:\\\/\\\/secure.gravatar.com\\\/avatar\\\/c535c9d1254b6e294aa866449103660499284e928d5b9311cfa4bf52322aa583?s=96&d=mm&r=g\",\"contentUrl\":\"https:\\\/\\\/secure.gravatar.com\\\/avatar\\\/c535c9d1254b6e294aa866449103660499284e928d5b9311cfa4bf52322aa583?s=96&d=mm&r=g\",\"caption\":\"estorioadmin\"},\"sameAs\":[\"https:\\\/\\\/estorio.com\"],\"url\":\"https:\\\/\\\/estorio.com\\\/hu\\\/author\\\/estorioadmin\\\/\"}]}<\/script>\n<!-- \/ Yoast SEO plugin. -->","yoast_head_json":{"title":"MILAN CITY GUIDE 8 tipp Radn\u00f3czy Esztert\u0151l","description":"01 Milan is buzzing during the Salone del Mobile, so why not visit a hidden gem close to the Duomo, the Church of Santa Maria presso San Satiro? Built in","robots":{"index":"index","follow":"follow","max-snippet":"max-snippet:-1","max-image-preview":"max-image-preview:large","max-video-preview":"max-video-preview:-1"},"canonical":"https:\/\/estorio.com\/hu\/2024\/04\/18\/milan-city-guide-71-things-to-do-during-salone-by-eszter-radnoczy\/","og_locale":"hu_HU","og_type":"article","og_title":"MILAN CITY GUIDE 7+1 things to do during Salone, by Eszter Radn\u00f3czy","og_description":"01 Milan is buzzing during the Salone del Mobile, so why not visit a hidden gem close to the Duomo, the Church of Santa Maria presso San Satiro? Built in","og_url":"https:\/\/estorio.com\/hu\/2024\/04\/18\/milan-city-guide-71-things-to-do-during-salone-by-eszter-radnoczy\/","og_site_name":"Estorio","article_publisher":"https:\/\/www.facebook.com\/estorio.home","article_published_time":"2024-04-18T12:12:55+00:00","article_modified_time":"2024-04-18T12:13:16+00:00","og_image":[{"url":"https:\/\/estorio.com\/wp-content\/uploads\/2024\/04\/milano4-1024x1024.jpg","type":"","width":"","height":""}],"author":"estorioadmin","twitter_card":"summary_large_image","twitter_misc":{"Szerz\u0151:":"estorioadmin","Becs\u00fclt olvas\u00e1si id\u0151":"2 perc"},"schema":{"@context":"https:\/\/schema.org","@graph":[{"@type":"Article","@id":"https:\/\/estorio.com\/2024\/04\/18\/milan-city-guide-71-things-to-do-during-salone-by-eszter-radnoczy\/#article","isPartOf":{"@id":"https:\/\/estorio.com\/2024\/04\/18\/milan-city-guide-71-things-to-do-during-salone-by-eszter-radnoczy\/"},"author":{"name":"estorioadmin","@id":"https:\/\/estorio.com\/#\/schema\/person\/e7c46c910f8aa4a8e02910aff72afed0"},"headline":"MILAN CITY GUIDE 7+1 things to do during Salone, by Eszter Radn\u00f3czy","datePublished":"2024-04-18T12:12:55+00:00","dateModified":"2024-04-18T12:13:16+00:00","mainEntityOfPage":{"@id":"https:\/\/estorio.com\/2024\/04\/18\/milan-city-guide-71-things-to-do-during-salone-by-eszter-radnoczy\/"},"wordCount":377,"commentCount":0,"publisher":{"@id":"https:\/\/estorio.com\/#organization"},"image":{"@id":"https:\/\/estorio.com\/2024\/04\/18\/milan-city-guide-71-things-to-do-during-salone-by-eszter-radnoczy\/#primaryimage"},"thumbnailUrl":"https:\/\/estorio.com\/wp-content\/uploads\/2024\/04\/borito-1.jpg","articleSection":["Egy\u00e9b kateg\u00f3ria"],"inLanguage":"hu","potentialAction":[{"@type":"CommentAction","name":"Comment","target":["https:\/\/estorio.com\/2024\/04\/18\/milan-city-guide-71-things-to-do-during-salone-by-eszter-radnoczy\/#respond"]}]},{"@type":"WebPage","@id":"https:\/\/estorio.com\/2024\/04\/18\/milan-city-guide-71-things-to-do-during-salone-by-eszter-radnoczy\/","url":"https:\/\/estorio.com\/2024\/04\/18\/milan-city-guide-71-things-to-do-during-salone-by-eszter-radnoczy\/","name":"MILAN CITY GUIDE 8 tipp Radn\u00f3czy Esztert\u0151l","isPartOf":{"@id":"https:\/\/estorio.com\/#website"},"primaryImageOfPage":{"@id":"https:\/\/estorio.com\/2024\/04\/18\/milan-city-guide-71-things-to-do-during-salone-by-eszter-radnoczy\/#primaryimage"},"image":{"@id":"https:\/\/estorio.com\/2024\/04\/18\/milan-city-guide-71-things-to-do-during-salone-by-eszter-radnoczy\/#primaryimage"},"thumbnailUrl":"https:\/\/estorio.com\/wp-content\/uploads\/2024\/04\/borito-1.jpg","datePublished":"2024-04-18T12:12:55+00:00","dateModified":"2024-04-18T12:13:16+00:00","description":"01 Milan is buzzing during the Salone del Mobile, so why not visit a hidden gem close to the Duomo, the Church of Santa Maria presso San Satiro? Built in","breadcrumb":{"@id":"https:\/\/estorio.com\/2024\/04\/18\/milan-city-guide-71-things-to-do-during-salone-by-eszter-radnoczy\/#breadcrumb"},"inLanguage":"hu","potentialAction":[{"@type":"ReadAction","target":["https:\/\/estorio.com\/2024\/04\/18\/milan-city-guide-71-things-to-do-during-salone-by-eszter-radnoczy\/"]}]},{"@type":"ImageObject","inLanguage":"hu","@id":"https:\/\/estorio.com\/2024\/04\/18\/milan-city-guide-71-things-to-do-during-salone-by-eszter-radnoczy\/#primaryimage","url":"https:\/\/estorio.com\/wp-content\/uploads\/2024\/04\/borito-1.jpg","contentUrl":"https:\/\/estorio.com\/wp-content\/uploads\/2024\/04\/borito-1.jpg","width":1890,"height":1890},{"@type":"BreadcrumbList","@id":"https:\/\/estorio.com\/2024\/04\/18\/milan-city-guide-71-things-to-do-during-salone-by-eszter-radnoczy\/#breadcrumb","itemListElement":[{"@type":"ListItem","position":1,"name":"Kezd\u0151lap","item":"https:\/\/estorio.com\/"},{"@type":"ListItem","position":2,"name":"MILAN CITY GUIDE 7+1 things to do during Salone, by Eszter Radn\u00f3czy"}]},{"@type":"WebSite","@id":"https:\/\/estorio.com\/#website","url":"https:\/\/estorio.com\/","name":"R\u00f3lunk","description":"Home of designer brands","publisher":{"@id":"https:\/\/estorio.com\/#organization"},"potentialAction":[{"@type":"SearchAction","target":{"@type":"EntryPoint","urlTemplate":"https:\/\/estorio.com\/?s={search_term_string}"},"query-input":{"@type":"PropertyValueSpecification","valueRequired":true,"valueName":"search_term_string"}}],"inLanguage":"hu"},{"@type":"Organization","@id":"https:\/\/estorio.com\/#organization","name":"estorio","url":"https:\/\/estorio.com\/","logo":{"@type":"ImageObject","inLanguage":"hu","@id":"https:\/\/estorio.com\/#\/schema\/logo\/image\/","url":"https:\/\/estorio.com\/wp-content\/uploads\/2022\/01\/20220216_estoriologo_1-02.png","contentUrl":"https:\/\/estorio.com\/wp-content\/uploads\/2022\/01\/20220216_estoriologo_1-02.png","width":10915,"height":2860,"caption":"estorio"},"image":{"@id":"https:\/\/estorio.com\/#\/schema\/logo\/image\/"},"sameAs":["https:\/\/www.facebook.com\/estorio.home","https:\/\/www.instagram.com\/estorio.home\/","https:\/\/www.linkedin.com\/company\/estorio-home-of-designer-brands\/"]},{"@type":"Person","@id":"https:\/\/estorio.com\/#\/schema\/person\/e7c46c910f8aa4a8e02910aff72afed0","name":"estorioadmin","image":{"@type":"ImageObject","inLanguage":"hu","@id":"https:\/\/secure.gravatar.com\/avatar\/c535c9d1254b6e294aa866449103660499284e928d5b9311cfa4bf52322aa583?s=96&d=mm&r=g","url":"https:\/\/secure.gravatar.com\/avatar\/c535c9d1254b6e294aa866449103660499284e928d5b9311cfa4bf52322aa583?s=96&d=mm&r=g","contentUrl":"https:\/\/secure.gravatar.com\/avatar\/c535c9d1254b6e294aa866449103660499284e928d5b9311cfa4bf52322aa583?s=96&d=mm&r=g","caption":"estorioadmin"},"sameAs":["https:\/\/estorio.com"],"url":"https:\/\/estorio.com\/hu\/author\/estorioadmin\/"}]}},"_links":{"self":[{"href":"https:\/\/estorio.com\/hu\/wp-json\/wp\/v2\/posts\/13242","targetHints":{"allow":["GET"]}}],"collection":[{"href":"https:\/\/estorio.com\/hu\/wp-json\/wp\/v2\/posts"}],"about":[{"href":"https:\/\/estorio.com\/hu\/wp-json\/wp\/v2\/types\/post"}],"author":[{"embeddable":true,"href":"https:\/\/estorio.com\/hu\/wp-json\/wp\/v2\/users\/1"}],"replies":[{"embeddable":true,"href":"https:\/\/estorio.com\/hu\/wp-json\/wp\/v2\/comments?post=13242"}],"version-history":[{"count":1,"href":"https:\/\/estorio.com\/hu\/wp-json\/wp\/v2\/posts\/13242\/revisions"}],"predecessor-version":[{"id":13252,"href":"https:\/\/estorio.com\/hu\/wp-json\/wp\/v2\/posts\/13242\/revisions\/13252"}],"wp:featuredmedia":[{"embeddable":true,"href":"https:\/\/estorio.com\/hu\/wp-json\/wp\/v2\/media\/13251"}],"wp:attachment":[{"href":"https:\/\/estorio.com\/hu\/wp-json\/wp\/v2\/media?parent=13242"}],"wp:term":[{"taxonomy":"category","embeddable":true,"href":"https:\/\/estorio.com\/hu\/wp-json\/wp\/v2\/categories?post=13242"},{"taxonomy":"post_tag","embeddable":true,"href":"https:\/\/estorio.com\/hu\/wp-json\/wp\/v2\/tags?post=13242"}],"curies":[{"name":"wp","href":"https:\/\/api.w.org\/{rel}","templated":true}]}}